{
    "id": 2229,
    "date": "2023-06-16T17:58:33",
    "date_gmt": "2023-06-16T21:58:33",
    "guid": {
        "rendered": "https:\/\/bestcollegeaid.com\/?p=2229"
    },
    "modified": "2023-06-17T22:26:07",
    "modified_gmt": "2023-06-18T02:26:07",
    "slug": "10-latinos-que-fueron-a-la-universidad-usa",
    "status": "publish",
    "type": "post",
    "link": "https:\/\/blog.bestcollegeaid.com\/es\/10-latinos-que-fueron-a-la-universidad-usa\/",
    "title": {
        "rendered": "Top 10 Latinos que fueron a la Universidad en Estados Unidos"
    },
    "content": {
        "rendered": "<p>Hoy hablaremos de los Top 10 Latinos que fueron a la Universidad en los Estados Unidos. &nbsp;Los criterios de selecci\u00f3n que utilizamos para conformar esta lista incluyen lo siguiente: la fama del personaje, su trayectoria profesional y el nivel de educaci\u00f3n.<\/p>\n\n\n\n<figure class=\"wp-block-embed is-type-video is-provider-youtube wp-block-embed-youtube wp-embed-aspect-16-9 wp-has-aspect-ratio\"><div class=\"wp-block-embed__wrapper\">\n<div class=\"youtube-embed\" data-video_id=\"Zobzk_vHhnM\"><iframe loading=\"lazy\" title=\"Top 10 Latinos que fueron a la Universidad en los Estados Unidos\" width=\"696\" height=\"392\" src=\"https:\/\/www.youtube.com\/embed\/Zobzk_vHhnM?feature=oembed&#038;enablejsapi=1\" frameborder=\"0\" allow=\"accelerometer; autoplay; clipboard-write; encrypted-media; gyroscope; picture-in-picture; web-share\" allowfullscreen><\/iframe><\/div>\n<\/div><\/figure>\n\n\n\n<blockquote class=\"wp-block-quote is-layout-flow wp-block-quote-is-layout-flow\">\n<p><em>Desde el Super Bowl, hasta los Premios Oscar, los latinos hemos dejado huella en los Estados Unidos.<\/em><\/p>\n<\/blockquote>\n\n\n\n<p>Y aunque estas figuras son reconocidas principalmente por sus grandes aportes a la m\u00fasica, el cine y el deporte, te sorprender\u00e1s al ver c\u00f3mo estos famosos tambi\u00e9n han triunfado en el sal\u00f3n de clases, as\u00ed que vamos a empezar.<\/p>\n\n\n\n<h2 class=\"wp-block-heading\"><strong>N\u00famero 10: William Levy &#8211; <a style=\"color: #3366ff; text-decoration: underline;\" href=\"https:\/\/www.stu.edu\/\" target=\"_blank\" rel=\"noopener\">Saint Thomas University<\/a><\/strong><\/h2>\n\n\n\n<p>Nacido y criado en Cojimar, Cuba, William Levy alcanz\u00f3 la fama actuando en telenovelas como \u201cCuidado con el \u00c1ngel\u201d y \u201cLa Tempestad.\u201d&nbsp;&nbsp;<\/p>\n\n\n\n<p>A\u00f1os despu\u00e9s, Levy puede presumir el haber participado en producciones tan diversas como la pel\u00edcula de Resident Evil: El Cap\u00edtulo Final, y la competencia de baile, Dancing with the Stars. <\/p>\n\n\n\n<p>Adem\u00e1s, su trayectoria incluye una aparici\u00f3n en el programa infantil plaza s\u00e9samo! <br>Pero antes de haber triunfado en el mundo de la Televisi\u00f3n, Levy ten\u00eda otros sue\u00f1os. Cuando emigr\u00f3 a los Estados Unidos, su meta era jugar b\u00e9isbol profesional. Despu\u00e9s de completar la escuela preparatoria, mejor conocida como High School, en Miami, Florida, WIlliam levy persigui\u00f3 ese sue\u00f1o al continuar sus estudios en la universidad de Saint Thomas gracias a una beca deportiva en b\u00e9isbol. <\/p>\n\n\n\n<h2 class=\"wp-block-heading\"><strong>N\u00famero 9: Pitbull &#8211; <a style=\"color: #3366ff;\" href=\"https:\/\/www.doral.edu\/\" target=\"_blank\" rel=\"noopener\">Doral College<\/a><\/strong><\/h2>\n\n\n\n<p>Armando Christian P\u00e9rez, mejor conocido como Pitbull, es un personaje que, en el mundo latino, no necesita introducci\u00f3n. El rapero ganador de varios premios Grammys es m\u00e1s que solo el autor de hits como Bon Bon y Fireball, al ser tambi\u00e9n un activista ambiental y un hombre de negocios cuyo patrimonio personal tiene un valor de $80 MDD (Ochenta millones de d\u00f3lares)&nbsp;<\/p>\n\n\n\n<p>Su m\u00fasica, tambi\u00e9n le ha permitido cerrar contratos con grandes compa\u00f1\u00edas internacionales como Bud Light, Kodak, Playboy, Walmart y Dr. pepper, convirtiendo al rapero Cubano en un icono mundial y un orgullo latino.&nbsp;<\/p>\n\n\n\n<p>Pero antes de alcanzar la fama internacional, Pitbull se gradu\u00f3 de Miami Coral Park High school, donde aprendi\u00f3 la importancia de tener un buen maestro.<\/p>\n\n\n\n<figure class=\"wp-block-embed is-type-video is-provider-youtube wp-block-embed-youtube wp-embed-aspect-16-9 wp-has-aspect-ratio\"><div class=\"wp-block-embed__wrapper\">\n<div class=\"youtube-embed\" data-video_id=\"b4vQ_9DwJCs\"><iframe loading=\"lazy\" title=\"Pitbull Opens National Charter School Conference\" width=\"696\" height=\"392\" src=\"https:\/\/www.youtube.com\/embed\/b4vQ_9DwJCs?feature=oembed&#038;enablejsapi=1\" frameborder=\"0\" allow=\"accelerometer; autoplay; clipboard-write; encrypted-media; gyroscope; picture-in-picture; web-share\" allowfullscreen><\/iframe><\/div>\n<\/div><\/figure>\n\n\n\n<p>A\u00f1os despu\u00e9s, Pitbull lanz\u00f3 una iniciativa educacional al fundar escuelas primarias y secundarias a travez de los Estados Unidos y a pesar de no estudiar la tradicional carrera universitaria de cuatro a\u00f1os, en el 2014 Pitbull recibi\u00f3 un T\u00edtulo Honor\u00edfico del Doral College por su brillante trayectoria.&nbsp;<\/p>\n\n\n\n<figure class=\"wp-block-embed is-type-rich is-provider-twitter wp-block-embed-twitter\"><div class=\"wp-block-embed__wrapper\">\n<blockquote class=\"twitter-tweet\" data-width=\"550\" data-dnt=\"true\"><p lang=\"en\" dir=\"ltr\">for those that didn&#39;t believe <a href=\"https:\/\/twitter.com\/hashtag\/dale?src=hash&amp;ref_src=twsrc%5Etfw\" target=\"_blank\" rel=\"noopener\">#dale<\/a> <a href=\"http:\/\/t.co\/xK6fUE3V8M\">pic.twitter.com\/xK6fUE3V8M<\/a><\/p>&mdash; Pitbull (@pitbull) <a href=\"https:\/\/twitter.com\/pitbull\/status\/479288006830862336?ref_src=twsrc%5Etfw\" target=\"_blank\" rel=\"noopener\">June 18, 2014<\/a><\/blockquote><script async src=\"https:\/\/platform.twitter.com\/widgets.js\" charset=\"utf-8\"><\/script>\n<\/div><\/figure>\n\n\n\n<p><\/p>\n\n\n\n<h2 class=\"wp-block-heading\"><strong style=\"letter-spacing: -0.3px;\">N\u00famero 8: Eva Longoria &#8211; <a style=\"color: #3366ff;\" href=\"https:\/\/www2.calstate.edu\/\" target=\"_blank\" rel=\"noopener\">California State<\/a>&nbsp;\/&nbsp;<a style=\"color: #3366ff;\" href=\"https:\/\/www.tamu.edu\/\" target=\"_blank\" rel=\"noopener\">Texas&nbsp;A&amp;M<\/a><\/strong><br><\/h2>\n\n\n\n<p>Nacida en Corpus Christi, Texas, Eva Longoria lleg\u00f3 al estrellato tras su rol en la serie de televisi\u00f3n estadounidense Desperate Housewives. Sus logros profesionales incluyen ser la anfitriona de los premios FIFA The Best en su edici\u00f3n del 2016, apariciones en shows como Brooklyn 99 y los simpsons, e incluso una nominaci\u00f3n al premio de mejor actriz en una serie de televisi\u00f3n en los globos de oro del 2006.&nbsp;<\/p>\n\n\n\n<p>Pero adem\u00e1s de tener una gran trayectoria art\u00edstica, Eva Longoria tambi\u00e9n ha brillado en el sal\u00f3n de clases. En los 90s, Longoria estudi\u00f3 en Texas A&amp;M University- Kingsville y recibi\u00f3 su t\u00edtulo en kinesiolog\u00eda. Y, por si fuera poco, en el 2013 decidi\u00f3 continuar sus estudios en la universidad de California,&nbsp; California State University, Northridge, donde logr\u00f3 una maestr\u00eda en estudios chicanos.<\/p>\n\n\n\n<figure class=\"wp-block-embed is-type-video is-provider-youtube wp-block-embed-youtube wp-embed-aspect-16-9 wp-has-aspect-ratio\"><div class=\"wp-block-embed__wrapper\">\n<div class=\"youtube-embed\" data-video_id=\"N7Ew_3rj09M\"><iframe loading=\"lazy\" title=\"Eva Longoria Graduates With a Master&#039;s Degree - Splash News | Splash News TV | Splash News TV\" width=\"696\" height=\"392\" src=\"https:\/\/www.youtube.com\/embed\/N7Ew_3rj09M?feature=oembed&#038;enablejsapi=1\" frameborder=\"0\" allow=\"accelerometer; autoplay; clipboard-write; encrypted-media; gyroscope; picture-in-picture; web-share\" allowfullscreen><\/iframe><\/div>\n<\/div><\/figure>\n\n\n\n<p>Eva Longoria probablemente ha utilizado mucho de lo que aprendi\u00f3 en su maestr\u00eda ya que ha sido una activista muy involucrada en pol\u00edtica de migraci\u00f3n.<\/p>\n\n\n\n<h2 class=\"wp-block-heading\"><strong>N\u00famero 7: Andy Garcia &#8211; <a style=\"color: #3366ff;\" href=\"https:\/\/www.fiu.edu\/\" target=\"_blank\" rel=\"noopener\">Florida International University<\/a><\/strong><\/h2>\n\n\n\n<p>Nacido en la Habana, Cuba en 1956, Andy Garc\u00eda es la definici\u00f3n del sue\u00f1o americano al haber emigrado a los Estados Unidos a sus 5 a\u00f1os de edad y alcanzar el estrellato en Hollywood.&nbsp;<\/p>\n\n\n\n<p>El actor crecido en Miami puede presumir el haber sido nominado para un Premio Oscar por su papel como Vincent Corleone en la pel\u00edcula El Padrino.<\/p>\n\n\n\n<p>Su trayectoria profesional tambi\u00e9n incluye pel\u00edculas de la talla de Mamma Mia y La Pantera Rosa. Pero a pesar de emigrar a los Estados Unidos a una temprana edad, Andy Garcia, nunca olvid\u00f3 sus ra\u00edces cubanas <\/p>\n\n\n\n<p>Garc\u00eda asisti\u00f3 a Miami Beach Senior High School, donde aparte de jugar basketball y estudiar, tambi\u00e9n desarroll\u00f3 su inter\u00e9s en la actuaci\u00f3n. <\/p>\n\n\n\n<p>El actor cubano realiz\u00f3 sus estudios universitarios en Florida International University.<\/p>\n\n\n\n<figure class=\"wp-block-embed is-type-video is-provider-youtube wp-block-embed-youtube wp-embed-aspect-16-9 wp-has-aspect-ratio\"><div class=\"wp-block-embed__wrapper\">\n<div class=\"youtube-embed\" data-video_id=\"O6DBjrWDZr4\"><iframe loading=\"lazy\" title=\"FIU Commercial - We Believe\" width=\"696\" height=\"392\" src=\"https:\/\/www.youtube.com\/embed\/O6DBjrWDZr4?start=1&#038;feature=oembed\" frameborder=\"0\" allow=\"accelerometer; autoplay; clipboard-write; encrypted-media; gyroscope; picture-in-picture; web-share\" allowfullscreen><\/iframe><\/div>\n<\/div><\/figure>\n\n\n\n<p>Durante su tiempo en la universidad, Garcia estudi\u00f3 actuaci\u00f3n e inmediatamente despu\u00e9s de su graduaci\u00f3n decidi\u00f3 mudarse a Hollywood para comenzar a escribir su gran historia (INSERT CLIP OF HIM ACTING)&nbsp;<\/p>\n\n\n\n<figure class=\"wp-block-embed is-type-video is-provider-youtube wp-block-embed-youtube wp-embed-aspect-16-9 wp-has-aspect-ratio\"><div class=\"wp-block-embed__wrapper\">\n<div class=\"youtube-embed\" data-video_id=\"W8VHIBkAHkU\"><iframe loading=\"lazy\" title=\"Andy Garcia en CNN en Espa\u00f1ol (Parte 1)\" width=\"696\" height=\"392\" src=\"https:\/\/www.youtube.com\/embed\/W8VHIBkAHkU?start=1&#038;feature=oembed\" frameborder=\"0\" allow=\"accelerometer; autoplay; clipboard-write; encrypted-media; gyroscope; picture-in-picture; web-share\" allowfullscreen><\/iframe><\/div>\n<\/div><\/figure>\n\n\n\n<p>El dia de hoy, Andy Garc\u00eda puede presumir sus logros como actor, esposo y padre. Y como los buenos vinos, este actor parece mejorar con el transcurso de los a\u00f1os.&nbsp;<\/p>\n\n\n\n<h2 class=\"wp-block-heading\"><strong>N\u00famero 6: Shakira &#8211;&nbsp;<a style=\"color: #3366ff;\" href=\"https:\/\/www.ucla.edu\/\" target=\"_blank\" rel=\"noopener\">UCLA<\/a>&nbsp;\/&nbsp;<a href=\"https:\/\/www.upenn.edu\/\" target=\"_blank\" rel=\"noopener\">University of Pennsylvania<\/a><\/strong><\/h2>\n\n\n\n<p>En la historia de la m\u00fasica latina, el cap\u00edtulo de Shakira est\u00e1 escrito en letras de oro.&nbsp;<\/p>\n\n\n\n<p>La famosa cantante colombiana lleva dos d\u00e9cadas deleitando al mundo con su m\u00fasica. Logrando una importante cantidad de premios y reconocimientos en su prestigiosa trayectoria.<\/p>\n\n\n\n<figure class=\"wp-block-embed is-type-video is-provider-youtube wp-block-embed-youtube wp-embed-aspect-16-9 wp-has-aspect-ratio\"><div class=\"wp-block-embed__wrapper\">\n<div class=\"youtube-embed\" data-video_id=\"anaXKmwVS3s\"><iframe loading=\"lazy\" title=\"Shakira \/ Latin Grammys Awards\" width=\"696\" height=\"392\" src=\"https:\/\/www.youtube.com\/embed\/anaXKmwVS3s?feature=oembed&#038;enablejsapi=1\" frameborder=\"0\" allow=\"accelerometer; autoplay; clipboard-write; encrypted-media; gyroscope; picture-in-picture; web-share\" allowfullscreen><\/iframe><\/div>\n<\/div><\/figure>\n\n\n\n<p>Sus logros incluyen premios grammy, premios MTV, premios billboard e incluso records mundiales Guinness. <\/p>\n\n\n\n<figure class=\"wp-block-embed is-type-rich is-provider-twitter wp-block-embed-twitter\"><div class=\"wp-block-embed__wrapper\">\n<blockquote class=\"twitter-tweet\" data-width=\"550\" data-dnt=\"true\"><p lang=\"en\" dir=\"ltr\">We can confirm that <a href=\"https:\/\/twitter.com\/shakira?ref_src=twsrc%5Etfw\" target=\"_blank\" rel=\"noopener\">@Shakira<\/a> is officially in this year&#39;s <a href=\"https:\/\/twitter.com\/hashtag\/GWR2019?src=hash&amp;ref_src=twsrc%5Etfw\" target=\"_blank\" rel=\"noopener\">#GWR2019<\/a> book for achieving the record for most Latin Grammy Award wins by a female! \ud83c\udfa4<br><br>The Colombian singer won her 11th award for Best Contemporary Pop Vocal Album for her latest work <a href=\"https:\/\/twitter.com\/hashtag\/ElDorado?src=hash&amp;ref_src=twsrc%5Etfw\" target=\"_blank\" rel=\"noopener\">#ElDorado<\/a> \ud83c\udf1f<a href=\"https:\/\/t.co\/bOssJGGztV\">https:\/\/t.co\/bOssJGGztV<\/a> <a href=\"https:\/\/t.co\/N5meCvPHxq\">pic.twitter.com\/N5meCvPHxq<\/a><\/p>&mdash; Guinness World Records (@GWR) <a href=\"https:\/\/twitter.com\/GWR\/status\/1033024446699905026?ref_src=twsrc%5Etfw\" target=\"_blank\" rel=\"noopener\">August 24, 2018<\/a><\/blockquote><script async src=\"https:\/\/platform.twitter.com\/widgets.js\" charset=\"utf-8\"><\/script>\n<\/div><\/figure>\n\n\n\n<p>Adem\u00e1s de todo esto, Shakira es conocida a nivel mundial por sus participaciones en dos de los eventos deportivos m\u00e1s grandes del mundo: Uno de ellos en la Copa Mundial de Sud\u00e1frica 2010, en donde se encarg\u00f3 de ser la cantautora detr\u00e1s de la canci\u00f3n oficial del evento, \u201cWaka Waka\u201d. Y el otro siendo el S\u00faper Taz\u00f3n del 2020, donde, junto a Jennifer L\u00f3pez, dio uno de los mejores shows de medio tiempo en la historia.&nbsp;<\/p>\n\n\n\n<p>Muchos en el mundo reconocemos la m\u00fasica de Shakira, pero pocos saben que la preparaci\u00f3n acad\u00e9mica ha sido algo importante en su vida.<\/p>\n\n\n\n<p>En el 2007, despu\u00e9s de terminar la gira de su \u00e1lbum Fijaci\u00f3n Oral, Shakira decidi\u00f3 que necesitaba un cambio, y es as\u00ed como termin\u00f3 en la universidad de UCLA.<\/p>\n\n\n\n<blockquote class=\"wp-block-quote is-layout-flow wp-block-quote-is-layout-flow\">\n<p>\u201cPas\u00e9 completamente desapercibida y nadie me reconoci\u00f3 durante los meses que estuve yendo a clases. Me pon\u00eda una gorra de b\u00e9isbol y unos pantalones deportivos, y me presentaba en el aula sin levantar la menor de las sospechas\u201d<\/p>\n<cite>cont\u00f3 Shakira en una entrevista a The Guardian en el 2009.&nbsp;<\/cite><\/blockquote>\n\n\n\n<p>Shakira estudi\u00f3 Historia de la Civilizaci\u00f3n Occidental durante un semestre. Encima de eso, la Colombiana puede hablar 6 idiomas.<\/p>\n\n\n\n<p>Pero eso no es todo. Mientras muchas personas utilizaron la cuarentena causada por el coronavirus para ver La Casa de Papel u otras series en Netflix, Shakira utiliz\u00f3 este tiempo para inscribirse y graduarse de un curso de Filosof\u00eda Antigua ofrecida por la Universidad de Pennsylvania, una de las instituciones ivy league m\u00e1s prestigiosas de todo el mundo. <\/p>\n\n\n\n<p>Evidentemente, para Shakira la educaci\u00f3n es algo muy importante. Por lo cual toma gran orgullo de su fundaci\u00f3n \u201cPies Descalzos\u201d<\/p>\n\n\n\n<figure class=\"wp-block-embed is-type-video is-provider-youtube wp-block-embed-youtube wp-embed-aspect-16-9 wp-has-aspect-ratio\"><div class=\"wp-block-embed__wrapper\">\n<div class=\"youtube-embed\" data-video_id=\"f7Sa22SGtqg\"><iframe loading=\"lazy\" title=\"Shakira: La educaci\u00f3n rompe el c\u00edrculo de la pobreza\" width=\"696\" height=\"392\" src=\"https:\/\/www.youtube.com\/embed\/f7Sa22SGtqg?feature=oembed&#038;enablejsapi=1\" frameborder=\"0\" allow=\"accelerometer; autoplay; clipboard-write; encrypted-media; gyroscope; picture-in-picture; web-share\" allowfullscreen><\/iframe><\/div>\n<\/div><\/figure>\n\n\n\n<h2 class=\"wp-block-heading\"><strong>N\u00famero 5:&nbsp;Gloria Stefan &#8211;&nbsp; <a style=\"color: #3366ff;\" href=\"https:\/\/welcome.miami.edu\/\" target=\"_blank\" rel=\"noopener\">University of Miami<\/a><\/strong><\/h2>\n\n\n\n<p>De la Habana, Cuba para el mundo: Gloria Estefan es un s\u00edmbolo para los latinos.&nbsp;<\/p>\n\n\n\n<p>La cantante cubana, ha sido art\u00edfice de grandes \u00e9xitos musicales como&nbsp; \u201cConga,\u201d \u201cTurn the Beat Around,\u201d y \u201cMi Tierra\u201d. Adem\u00e1s, Estefan ha recibido premios Grammys, premios billboard e incluso fue reconocida por el presidente Barack Obama en el 2015 con la medalla presidencial de la libertad. <\/p>\n\n\n\n<figure class=\"wp-block-embed is-type-video is-provider-youtube wp-block-embed-youtube wp-embed-aspect-16-9 wp-has-aspect-ratio\"><div class=\"wp-block-embed__wrapper\">\n<div class=\"youtube-embed\" data-video_id=\"8_t_4bhyjqo\"><iframe loading=\"lazy\" title=\"President Obama presents the Presidential Medal of Freedom to Emilio and Gloria Estefan\" width=\"696\" height=\"392\" src=\"https:\/\/www.youtube.com\/embed\/8_t_4bhyjqo?feature=oembed&#038;enablejsapi=1\" frameborder=\"0\" allow=\"accelerometer; autoplay; clipboard-write; encrypted-media; gyroscope; picture-in-picture; web-share\" allowfullscreen><\/iframe><\/div>\n<\/div><\/figure>\n\n\n\n<p>Este icono latino tambi\u00e9n fue la encargada de cantar en la ceremonia de clausura de los Juegos Ol\u00edmpicos de Atlanta en 1996. <\/p>\n\n\n\n<figure class=\"wp-block-embed is-type-video is-provider-youtube wp-block-embed-youtube wp-embed-aspect-16-9 wp-has-aspect-ratio\"><div class=\"wp-block-embed__wrapper\">\n<div class=\"youtube-embed\" data-video_id=\"N3EFOSJ4ZQc\"><iframe loading=\"lazy\" title=\"Reach - Gloria Estefan @ Atlanta 1996 Closing Ceremony | Music Monday\" width=\"696\" height=\"392\" src=\"https:\/\/www.youtube.com\/embed\/N3EFOSJ4ZQc?feature=oembed&#038;enablejsapi=1\" frameborder=\"0\" allow=\"accelerometer; autoplay; clipboard-write; encrypted-media; gyroscope; picture-in-picture; web-share\" allowfullscreen><\/iframe><\/div>\n<\/div><\/figure>\n\n\n\n<p>La pregunta es: \u00bfD\u00f3nde estudi\u00f3 Gloria Estefan? <\/p>\n\n\n\n<figure class=\"wp-block-embed is-type-video is-provider-youtube wp-block-embed-youtube wp-embed-aspect-16-9 wp-has-aspect-ratio\"><div class=\"wp-block-embed__wrapper\">\n<div class=\"youtube-embed\" data-video_id=\"m-rTjMmUbFE\"><iframe loading=\"lazy\" title=\"University of Miami Campus Tour\" width=\"696\" height=\"392\" src=\"https:\/\/www.youtube.com\/embed\/m-rTjMmUbFE?feature=oembed&#038;enablejsapi=1\" frameborder=\"0\" allow=\"accelerometer; autoplay; clipboard-write; encrypted-media; gyroscope; picture-in-picture; web-share\" allowfullscreen><\/iframe><\/div>\n<\/div><\/figure>\n\n\n\n<p>Asi es, Gloria estudi\u00f3 en la <strong>Universidad de Miami<\/strong>, y en 1979 logr\u00f3 titularse Psicolog\u00eda y&nbsp; adem\u00e1s de realizar una concentraci\u00f3n secundaria en Franc\u00e9s. A pesar de toda la fama alcanzada, Gloria Estefan siempre ha resaltado la importancia de la educaci\u00f3n.&nbsp;<\/p>\n\n\n\n<figure class=\"wp-block-embed is-type-video is-provider-youtube wp-block-embed-youtube wp-embed-aspect-16-9 wp-has-aspect-ratio\"><div class=\"wp-block-embed__wrapper\">\n<div class=\"youtube-embed\" data-video_id=\"dlY6DIRcO30\"><iframe loading=\"lazy\" title=\"The advice of Gloria Estefan | College Tour\" width=\"696\" height=\"392\" src=\"https:\/\/www.youtube.com\/embed\/dlY6DIRcO30?feature=oembed&#038;enablejsapi=1\" frameborder=\"0\" allow=\"accelerometer; autoplay; clipboard-write; encrypted-media; gyroscope; picture-in-picture; web-share\" allowfullscreen><\/iframe><\/div>\n<\/div><\/figure>\n\n\n\n<h2 class=\"wp-block-heading\"><strong>N\u00famero 4: Benicio del Toro &#8211; <a style=\"color: #3366ff;\" href=\"https:\/\/www.universityofcalifornia.edu\/\" target=\"_blank\" rel=\"noopener\">University of California<\/a><\/strong><\/h2>\n\n\n\n<p>Benicio del Toro es un actor Puertorrique\u00f1o, de ascendencia espa\u00f1ola que ha ganado pr\u00e1cticamente todo lo que un actor puede llegar a ganar. <\/p>\n\n\n\n<p>Desde ganar un premio Oscar en el 2001 por su actuaci\u00f3n el la pel\u00edcula Traffic, hasta participar en las franquicias m\u00e1s grandes del mundo como lo son Star Wars y Marvel. Sin duda, Del Toro tiene una de las carreras m\u00e1s envidiables en la historia del Cine.&nbsp;<\/p>\n\n\n\n<figure class=\"wp-block-embed is-type-video is-provider-youtube wp-block-embed-youtube wp-embed-aspect-16-9 wp-has-aspect-ratio\"><div class=\"wp-block-embed__wrapper\">\n<div class=\"youtube-embed\" data-video_id=\"-UG13XdzenI\"><iframe loading=\"lazy\" title=\"Benicio Del Toro Entrevista Sicario Day of the Soldado\" width=\"696\" height=\"392\" src=\"https:\/\/www.youtube.com\/embed\/-UG13XdzenI?feature=oembed&#038;enablejsapi=1\" frameborder=\"0\" allow=\"accelerometer; autoplay; clipboard-write; encrypted-media; gyroscope; picture-in-picture; web-share\" allowfullscreen><\/iframe><\/div>\n<\/div><\/figure>\n\n\n\n<p>Una de las partes m\u00e1s importantes de la Universidad son las clases electivas. Usualmente cuando uno quiere obtener su t\u00edtulo universitario, las universidades requieren que sus estudiantes tomen cierta cantidad de cursos no relacionados a su especialidad.&nbsp;<\/p>\n\n\n\n<p>En el caso de Benicio del Toro, al estudiar una carrera de negocios en la <strong>Universidad de California, en San Diego<\/strong>, decidi\u00f3 inscribirse en una clase electiva de actuaci\u00f3n. Fue ah\u00ed donde naci\u00f3 su amor por la actuaci\u00f3n y decidi\u00f3 perseguir sus sue\u00f1os. <\/p>\n\n\n\n<p>Despu\u00e9s de esa clase, del Toro sali\u00f3 de la universidad para continuar sus estudios de actuaci\u00f3n en Los \u00c1ngeles, y posteriormente en Nueva York.&nbsp;<\/p>\n\n\n\n<p>Incluso, despu\u00e9s de haber conseguido la fama internacional, la importancia de la educaci\u00f3n nunca ha disminuido para la familia de del Toro.&nbsp;<\/p>\n\n\n\n<h2 class=\"wp-block-heading\"><strong style=\"letter-spacing: -0.3px;\">N\u00famero 3: Jennifer Lopez &#8211; <a style=\"color: #3366ff;\" href=\"https:\/\/www.baruch.cuny.edu\/\" target=\"_blank\" rel=\"noopener\">Baruch College<\/a><\/strong><\/h2>\n\n\n\n<p>Jennifer Lopez es la otra mitad del d\u00fao que cautiv\u00f3 al mundo entero en el show de medio tiempo del Super Taz\u00f3n 54. <\/p>\n\n\n\n<p>Y a pesar de haber nacido y crecido en The Bronx, la cantante y actriz siempre ha alzado la bandera de Puerto Rico lo m\u00e1s alto posible.&nbsp;<\/p>\n\n\n\n<figure class=\"wp-block-embed is-type-video is-provider-youtube wp-block-embed-youtube wp-embed-aspect-16-9 wp-has-aspect-ratio\"><div class=\"wp-block-embed__wrapper\">\n<div class=\"youtube-embed\" data-video_id=\"Q9BPSWolh0U\"><iframe loading=\"lazy\" title=\"JLo y Alex Rodr\u00edguez entregan ayuda a Puerto Rico | GyF\" width=\"696\" height=\"392\" src=\"https:\/\/www.youtube.com\/embed\/Q9BPSWolh0U?feature=oembed&#038;enablejsapi=1\" frameborder=\"0\" allow=\"accelerometer; autoplay; clipboard-write; encrypted-media; gyroscope; picture-in-picture; web-share\" allowfullscreen><\/iframe><\/div>\n<\/div><\/figure>\n\n\n\n<p>Desde temprana edad, JLo sab\u00eda que quer\u00eda ser artista. En 1986, mientras segu\u00eda estudiando el High School, recibi\u00f3 su primer papel en la pel\u00edcula My Little Girl. A partir de este momento, JLo quer\u00eda enfocarse exclusivamente en su carrera profesional, sin embargo sus padres insistieron en que asistiera a la universidad. Es por eso que despu\u00e9s de terminar el high school, JLo comenz\u00f3 sus estudios en Baruch College.&nbsp;<\/p>\n\n\n\n<p>Despu\u00e9s de tan solo un semestre, JLo decidi\u00f3 salir de la universidad para luchar por sus sue\u00f1os. Esta decisi\u00f3n le permiti\u00f3 conseguir oportunidades en musicales como Jesucristo Superestrella, y Oklahoma.&nbsp;<\/p>\n\n\n\n<p>Hoy en dia, JLo no tiene ning\u00fan tipo de remordimiento por su decisi\u00f3n, ya que su ilustre carrera art\u00edstica la ha llevado a ser un icono mundial y un ejemplo de empoderamiento para las mujeres.<\/p>\n\n\n\n<h2 class=\"wp-block-heading\"><strong style=\"letter-spacing: -0.3px;\">N\u00famero 2: Selena Quintanilla &#8211; <a style=\"color: #3366ff;\" href=\"https:\/\/www.calmu.edu\/\" target=\"_blank\" rel=\"noopener\">Pacific Miramar University<\/a><\/strong><\/h2>\n\n\n\n<p>Conocida como la reina de la m\u00fasica Tejana, Selena Quintanilla fue un icono de la m\u00fasica latina en los a\u00f1os ochentas y noventas. Canciones como \u201cAmor Prohibido\u201d, \u201cBidi Bidi Bom Bom\u201d y \u201cComo la Flor\u201d ganaron el coraz\u00f3n de su p\u00fablico latino, logrando adem\u00e1s un premio Grammy en el a\u00f1o de 1994.&nbsp;<\/p>\n\n\n\n<p>Su prominencia en tanto la m\u00fasica, como la moda la llevaron a recibir una estrella en el paseo de la fama de Hollywood, y en 1997, su vida fue llevada a la pantalla grande cuando Jennifer L\u00f3pez tom\u00f3 el papel de Selena Quintanilla en la pel\u00edcula biogr\u00e1fica de la mexico-americana.&nbsp;<\/p>\n\n\n\n<p>Despu\u00e9s de terminar su carrera de high school a los 17 a\u00f1os, Selena fue aceptada en Louisiana State University, sin embargo termin\u00f3 optando por atender a Pacific Western University. Ah\u00ed se especializ\u00f3 en negocios. Y aunque muchos conocen a Selena Quintanilla la cantautora y actriz, pocos saben de Selena Quintanilla la empresaria.&nbsp;<\/p>\n\n\n\n<p>En 1994, Selena Quintanilla abri\u00f3 dos boutiques llamadas Selena etc; una en Corpus Christi, y la otra en San Antonio. Despu\u00e9s de esto, Selena estaba en pl\u00e1ticas para expandir sucursales a trav\u00e9s de M\u00e9xico. Desafortunadamente, su tr\u00e1gica muerte en 1995 impidi\u00f3 que esto sucediera.&nbsp;<\/p>\n\n\n\n<p>Pero con o sin boutiques, el recuerdo de Selena y su m\u00fasica sigue vivo en nuestros corazones.&nbsp;<\/p>\n\n\n\n<h2 class=\"wp-block-heading\"><strong style=\"letter-spacing: -0.3px;\">N\u00famero 1:&nbsp; Luis Fonsi &#8211; <a style=\"color: #3366ff;\" href=\"https:\/\/www.fsu.edu\/\" target=\"_blank\" rel=\"noopener\">Florida State University<\/a><\/strong><\/h2>\n\n\n\n<p>Seas quien seas y&nbsp; vengas de donde vengas, estoy seguro de que has escuchado canci\u00f3n Despacito. Este tema alcanz\u00f3 la fama mundial en el verano del 2017 y elev\u00f3 a Luis Fonsi hasta lo m\u00e1s alto del estrellato musical.&nbsp;<\/p>\n\n\n\n<p>Tras 10 albums, 6 r\u00e9cords mundiales Guinness, apariciones en pel\u00edculas y telenovelas, ser entrenador del concurso de canto La Voz, colaboraciones con artistas Americanos como Justin Bieber y Demi Lovato y muchos logros m\u00e1s, la carrera de Luis Fonsi es absolutamente brillante.&nbsp;<\/p>\n\n\n\n<p>Pero antes de todos esto, Luis era un chico normal.&nbsp;<\/p>\n\n\n\n<p>Naci\u00f3 y creci\u00f3 en San Juan, Puerto Rico y a los 10 a\u00f1os emigr\u00f3 a los Estados Unidos.&nbsp;<\/p>\n\n\n\n<p>Durante su infancia en Puerto Rico, Fonsi so\u00f1aba con crecer y ser un miembro de la banda popular Menudo, pero al llegar a Orlando, Florida tuvo que conformarse con cantar en grupos de musicales locales. Incluso, cuando estaba en High School, Luis perteneci\u00f3 a un grupo musical llamado \u2018Big Guys\u2019.&nbsp;<\/p>\n\n\n\n<p>Exactamente este mismo amor por la m\u00fasica llev\u00f3 a Fonsi a la universidad.<\/p>\n\n\n\n<p>En 1995, el genio detr\u00e1s del video m\u00e1s visto en la historia de Youtube empez\u00f3 sus estudios en Florida State University. Adicional a sus compromisos acad\u00e9micos, Fonsi tambi\u00e9n particip\u00f3 en el coro de la universidad y cant\u00f3 para la orquesta sinf\u00f3nica de Birmingham.&nbsp;<\/p>\n\n\n\n<p>Al ser miembro del coro, Luis Fonsi tuvo la fortuna de viajar y grabar varios temas durante su estancia en Tallahassee. Eventualmente, se gradu\u00f3 con un t\u00edtulo en M\u00fasica y sus experiencias y talento le permitieron firmar con la disquera Universal Music Latino.&nbsp;<\/p>\n\n\n\n<p>Convirti\u00e9ndose a d\u00eda de hoy, en uno de los artistas latinos m\u00e1s reconocidos a nivel mundial.<\/p>\n\n\n\n<p><\/p>\n\n\n\n<p><\/p>\n\n\n\n<p>Y ah\u00ed lo tienen, estos son los <b>Top 10 Latinos Famosos que fueron a la Universidad en los Estados Unidos<\/b>.&nbsp;<\/p>\n\n\n\n<p>As\u00ed que cu\u00e9ntenos en los comentarios si estas de acuerdo con esta lista,\u00a0\u00bfqui\u00e9n m\u00e1s nos falt\u00f3?<\/p>\n\n\n\n<p><\/p>\n\n\n\n<h2 class=\"wp-block-heading\" id=\"h-si-tu-tambien-eres-latino-y-esta-interesado-en-aprender-mas-sobre-como-ir-a-la-universidad-en-los-estado-unidos-te-invitamos-a-nuestro-webinar-gratuito-de-los-6-consejos-para-ir-becado-a-la-universidad\">Si te gusto esta lista de latinos que fueron a la universidad en Estados Unidos, y te gustar\u00eda seguir sus pasos, te invitamos a nuestro webinar gratuito de los <a href=\"https:\/\/go.bestcollegeaid.com\/registro-presentacion?utm_source=wordpress&amp;utm_medium=organic&amp;utm_campaign=blog&amp;utm_content=6consejos&amp;utm_term=latinos-USA\">6 consejos para ir becado a la universidad<\/a>.<\/h2>\n\n\n\n<div class=\"wp-block-buttons is-layout-flex wp-block-buttons-is-layout-flex\">\n<div class=\"wp-block-button\"><a class=\"wp-block-button__link wp-element-button\">VER WEBINAR: 6 Consejos para ir Becado a la Universidad<\/a><\/div>\n<\/div>\n\n\n\n<p>Ah\u00ed te hablar\u00e9 acerca de los 6 consejos&nbsp;m\u00e1s importantes dentro de nuestro curso en l\u00ednea, Best College Aid, que te&nbsp;ayudar\u00e1n a&nbsp;ir a la universidad pagando lo menos posible.&nbsp;<\/p>\n\n\n\n<p>Estos consejos me ayudaron a m\u00ed y a mis hermanos a recibir m\u00e1s de medio mill\u00f3n de d\u00f3lares en becas y ayuda financiera universitaria.<\/p>\n\n\n\n<p>Reg\u00edstrate aqu\u00ed para ver nuestro entrenamiento en linea gratuito: <strong><a href=\"https:\/\/go.bestcollegeaid.com\/registro-presentacion?utm_source=wordpress&amp;utm_medium=organic&amp;utm_campaign=blog&amp;utm_content=6consejos&amp;utm_term=latinos-USA\">Dale click aqu\u00ed para ver el webinar gratuito<\/a><\/strong>!<\/p>\n\n\n\n<p>\u00a1Espero que te sea de mucho valor!<\/p>\n\n\n\n<p>&#8211; David<\/p>",
        "protected": false
    },
    "excerpt": {
        "rendered": "<p>Bienvenidos a Best College Aid, el d\u00eda de hoy estaremos hablando de los Top 10 Latinos que fueron a la Universidad en los Estados Unidos.<\/p>",
        "protected": false
    },
    "author": 4,
    "featured_media": 2230,
    "comment_status": "open",
    "ping_status": "open",
    "sticky": false,
    "template": "",
    "format": "standard",
    "meta": {
        "footnotes": ""
    },
    "categories": [
        1301,
        1292,
        1,
        1321,
        1346
    ],
    "tags": [
        1924,
        1926,
        85,
        1917,
        874,
        1923,
        1921,
        1920,
        1907,
        867,
        1908,
        68,
        1905,
        872,
        1915,
        1914,
        868,
        873,
        1922,
        1919,
        870,
        869,
        1927,
        1928,
        1918,
        1910,
        1912,
        871,
        1909,
        1916,
        1911,
        1906,
        1913,
        1929
    ],
    "class_list": {
        "0": "post-2229",
        "1": "post",
        "2": "type-post",
        "3": "status-publish",
        "4": "format-standard",
        "5": "has-post-thumbnail",
        "7": "category-rankings",
        "8": "category-admisiones-universitarias",
        "9": "category-uncategorized",
        "10": "category-universidad",
        "11": "category-universidades",
        "12": "tag-andy-garcia",
        "13": "tag-benicio-del-toro",
        "14": "tag-best-college-aid",
        "15": "tag-best-colleges-latinos",
        "16": "tag-cuales-son-los-10-artistas-latinos-que-fueron-a-la-universidad-en-usa",
        "17": "tag-gloria-estefan",
        "18": "tag-jennifer-lopez",
        "19": "tag-jlo",
        "20": "tag-latinos",
        "21": "tag-latinos-con-educacion-universitaria-en-una",
        "22": "tag-latinos-en-estados-unidos",
        "23": "tag-latinos-en-la-universidad",
        "24": "tag-latinos-en-usa",
        "25": "tag-latinos-famosos-que-fueron-a-la-universidad",
        "26": "tag-latinos-in-untied-states",
        "27": "tag-latinos-in-usa",
        "28": "tag-latinos-que-fueron-a-la-universidad-en-los-estados-unidos",
        "29": "tag-latinos-que-fueron-a-la-universidad-en-usa",
        "30": "tag-luis-fonsi",
        "31": "tag-pitbul",
        "32": "tag-que-artistas-latinos-fueron-a-la-universidad-en-los-estados-unidos",
        "33": "tag-que-artistas-latinos-fueron-a-la-universidad-en-usa",
        "34": "tag-selena",
        "35": "tag-selena-quintanilla",
        "36": "tag-shakira",
        "37": "tag-top-10-latinos",
        "38": "tag-top-10-latinos-college",
        "39": "tag-top-10-latinos-que-fueron-a-la-universidad-en-los-estados-unidos",
        "40": "tag-top-10-latinos-who-went-to-college-in-the-us",
        "41": "tag-top-10-latinos-who-went-to-college-in-the-us-best-college-aid",
        "42": "tag-top-latinos",
        "43": "tag-universidades",
        "44": "tag-who-went-to-university",
        "45": "tag-william-levy"
    },
    "_links": {
        "self": [
            {
                "href": "https:\/\/blog.bestcollegeaid.com\/es\/wp-json\/wp\/v2\/posts\/2229",
                "targetHints": {
                    "allow": [
                        "GET"
                    ]
                }
            }
        ],
        "collection": [
            {
                "href": "https:\/\/blog.bestcollegeaid.com\/es\/wp-json\/wp\/v2\/posts"
            }
        ],
        "about": [
            {
                "href": "https:\/\/blog.bestcollegeaid.com\/es\/wp-json\/wp\/v2\/types\/post"
            }
        ],
        "author": [
            {
                "embeddable": true,
                "href": "https:\/\/blog.bestcollegeaid.com\/es\/wp-json\/wp\/v2\/users\/4"
            }
        ],
        "replies": [
            {
                "embeddable": true,
                "href": "https:\/\/blog.bestcollegeaid.com\/es\/wp-json\/wp\/v2\/comments?post=2229"
            }
        ],
        "version-history": [
            {
                "count": 5,
                "href": "https:\/\/blog.bestcollegeaid.com\/es\/wp-json\/wp\/v2\/posts\/2229\/revisions"
            }
        ],
        "predecessor-version": [
            {
                "id": 11551,
                "href": "https:\/\/blog.bestcollegeaid.com\/es\/wp-json\/wp\/v2\/posts\/2229\/revisions\/11551"
            }
        ],
        "wp:featuredmedia": [
            {
                "embeddable": true,
                "href": "https:\/\/blog.bestcollegeaid.com\/es\/wp-json\/wp\/v2\/media\/2230"
            }
        ],
        "wp:attachment": [
            {
                "href": "https:\/\/blog.bestcollegeaid.com\/es\/wp-json\/wp\/v2\/media?parent=2229"
            }
        ],
        "wp:term": [
            {
                "taxonomy": "category",
                "embeddable": true,
                "href": "https:\/\/blog.bestcollegeaid.com\/es\/wp-json\/wp\/v2\/categories?post=2229"
            },
            {
                "taxonomy": "post_tag",
                "embeddable": true,
                "href": "https:\/\/blog.bestcollegeaid.com\/es\/wp-json\/wp\/v2\/tags?post=2229"
            }
        ],
        "curies": [
            {
                "name": "wp",
                "href": "https:\/\/api.w.org\/{rel}",
                "templated": true
            }
        ]
    }
}